
{"id":10297,"date":"2018-02-27T20:57:50","date_gmt":"2018-02-27T18:57:50","guid":{"rendered":"http:\/\/hulu-split.hr\/?p=10297"},"modified":"2018-03-06T15:02:32","modified_gmt":"2018-03-06T13:02:32","slug":"izlozba-1918-2018-2118-1-ozujka-8-ozujka-otvorenje-staroj-gradskoj-vijecnici-1-3-20h","status":"publish","type":"post","link":"https:\/\/hulu-split.hr\/en\/izlozba-1918-2018-2118-1-ozujka-8-ozujka-otvorenje-staroj-gradskoj-vijecnici-1-3-20h\/","title":{"rendered":"Izlo\u017eba grupe autora &#8220;1918&#8230;2018&#8230;2118&#8221;, 1.o\u017eujka &#8211; 9. o\u017eujka, otvorenje u Staroj gradskoj vije\u0107nici, 1.3. u 20h"},"content":{"rendered":"<div class=\"\" data-block=\"true\" data-editor=\"dltro\" data-offset-key=\"f9h25-0-0\">\n<div class=\"_1mf _1mj\" style=\"text-align: center;\" data-offset-key=\"f9h25-0-0\"><\/div>\n<div class=\"_1mf _1mj\" data-offset-key=\"f9h25-0-0\">\n<h3 style=\"font-weight: 400; text-align: center;\">\u010cAST NAM JE I ZADOVOLJSTVO<\/h3>\n<h3 style=\"font-weight: 400; text-align: center;\">POZVATI VAS NA IZLO\u017dBU<\/h3>\n<h2 style=\"font-weight: 400; text-align: center;\">&#8221;1918&#8230;2018&#8230;2118&#8221;<\/h2>\n<h3 style=\"font-weight: 400; text-align: center;\"><strong>\u010cETVRTAK 1. O\u017dUJKA\u00a0 u 20:00h<\/strong><\/h3>\n<h3 style=\"font-weight: 400; text-align: center;\"><strong>STARA GRADSKA VIJE\u0106NICA<\/strong><\/h3>\n<h3 style=\"font-weight: 400; text-align: center;\">(Narodni trg- Split)<\/h3>\n<p style=\"font-weight: 400;\"><strong>\u00a0<\/strong><\/p>\n<\/div>\n<div class=\"_1mf _1mj\" data-offset-key=\"f9h25-0-0\"><\/div>\n<p class=\"_1mf _1mj\" data-offset-key=\"f9h25-0-0\"><span data-offset-key=\"f9h25-0-0\"><span data-text=\"true\">&#8220;Hrvatska udruga likovnih umjetnika &#8211; Split&#8221; i udruga &#8220;Splitski cvit&#8221; organiziraju dvije grupne izlo\u017ebe u Staroj gradskoj vije\u0107nici u Splitu.<\/span><\/span><\/p>\n<\/div>\n<div class=\"_1mf _1mj\" data-offset-key=\"ed6bf-0-0\"><span data-offset-key=\"ed6bf-0-0\">\u00a0<\/span><\/div>\n<div class=\"_1mf _1mj\" data-offset-key=\"blbv8-0-0\"><span data-offset-key=\"blbv8-0-0\"><span data-text=\"true\">Izlo\u017ebu &#8220;1918&#8230;2018&#8230;2118&#8221; u organizaciji Hrvatske udruge likovnih umjetnika, koju kustoski potpisuje Ivor Igrec, mo\u017eete posjetiti na prizemlju, prvom i drugom katu , a izlo\u017ebu &#8220;\u017dena je \u017eena&#8221; koju potpisuje Jagoda Mihanovi\u0107 u organizaciji udruge &#8220;Splitski cvit&#8221; razgledajte na 3. katu zavr\u0161no s 8. o\u017eujka 2018.\u00a0<\/span><\/span><\/div>\n<div class=\"_1mf _1mj\" data-offset-key=\"blbv8-0-0\"><\/div>\n<p class=\"_1mf _1mj\" data-offset-key=\"blbv8-0-0\">Otvorenje izlo\u017ebe je 1.3 u<strong> 20 sati.\u00a0<\/strong><\/p>\n<div class=\"_1mf _1mj\" data-offset-key=\"dj9qi-0-0\"><span data-offset-key=\"dj9qi-0-0\">\u00a0<\/span><\/div>\n<div class=\"_1mf _1mj\" data-offset-key=\"4t74o-0-0\"><span data-offset-key=\"4t74o-0-0\"><span data-text=\"true\">______________________________________________________<\/span><\/span><\/div>\n<div class=\"_1mf _1mj\" data-offset-key=\"78h84-0-0\"><span data-offset-key=\"78h84-0-0\">\u00a0<\/span><\/div>\n<div class=\"_1mf _1mj\" data-offset-key=\"d21nc-0-0\"><span data-offset-key=\"d21nc-0-0\"><span data-text=\"true\">IZLAGA\u010cICE \/ 1918&#8230;2018&#8230;2118<\/span><\/span><\/div>\n<div class=\"_1mf _1mj\" data-offset-key=\"fj1jg-0-0\"><span data-offset-key=\"fj1jg-0-0\"><span data-text=\"true\">Ivana Bajcer, Jasna Bari\u0161i\u0107, Milena Ba\u0161i\u0107, Ana Marija Botteri, Ana Bo\u0161kovi\u0107 Freund, Jana Bona\u010di\u0107 Urli\u010di\u0107, Sanja Burazin, Alemka \u0110ivoje, Taj\u010di \u010cekada, Emilija Duparova, Ivana Filip, Ana Gari\u0107, Karin Grenc, Sonja Hr\u017eina Majstorovi\u0107, Petra Kova\u010di\u0107, Tisja Kljakovi\u0107 Brai\u0107, Hana Lukas Mid\u017ei\u0107, Gloria Oreb, Nata\u0161a Pavlov, Renata Poljak, Ivana Pulji\u0107, Tanja Ravli\u0107, Jelena Soki\u0107, Ivana Resi\u0107 \u0160ore, Kristina Restovi\u0107, Neli Ru\u017ei\u0107, Dijana Iva Sesarti\u0107, Julija Tomasovi\u0107, Julijana Voloder, Tina Vukasovi\u0107<\/span><\/span><\/div>\n<div class=\"_1mf _1mj\" data-offset-key=\"bqup3-0-0\"><span data-offset-key=\"bqup3-0-0\">\u00a0<\/span><\/div>\n<div class=\"_1mf _1mj\" data-offset-key=\"v9d8-0-0\"><span data-offset-key=\"v9d8-0-0\"><span data-text=\"true\">IZLAGA\u010cICE \/ \u017dena je \u017eena<\/span><\/span><\/div>\n<div class=\"_1mf _1mj\" data-offset-key=\"2qajr-0-0\"><span data-offset-key=\"2qajr-0-0\"><span data-text=\"true\">\u017daklina Antonijevi\u0107, A\u200bna Bo\u0161kovi\u0107 Freund, Maja Gijevski, Ivana Mileti\u0107, Jadranka Kljaji\u0107, Maja Koljanin Eliat, Anna Hero, Tonka Jela\u010da, Bruna Mili\u010di\u0107, Anita Palada, Mia Popovi\u0107, Marijana Stori\u0107 \u0160undov, Sanja Tudor<\/span><\/span><\/div>\n<div class=\"_1mf _1mj\" data-offset-key=\"beflr-0-0\"><span data-offset-key=\"beflr-0-0\">\u00a0<\/span><\/div>\n<div class=\"_1mf _1mj\" data-offset-key=\"f3hc1-0-0\"><span data-offset-key=\"f3hc1-0-0\"><span data-text=\"true\">_____________________________________________________<\/span><\/span><\/div>\n<div class=\"_1mf _1mj\" data-offset-key=\"4jecm-0-0\"><span data-offset-key=\"4jecm-0-0\">Glavne teme:<\/span><\/div>\n<div class=\"_1mf _1mj\" data-offset-key=\"t20f-0-0\"><span data-offset-key=\"t20f-0-0\"><span data-text=\"true\">Pro\u0161la, sada\u0161nja i budu\u0107a uloga \u017eena u dru\u0161tvu te njihova daljnja emancipacija, kao i dvozna\u010dnost, dualnost i ambivalentnost, izra\u017eena kroz odnose poput onoga izme\u0111u mu\u0161karca i \u017eene, pro\u0161losti\/budu\u0107nosti, negativnog\/pozitivnog ishoda borbe za emancipaciju, pesimizma\/optimizma, utopije\/distopije.<\/span><\/span><\/div>\n<div class=\"_1mf _1mj\" data-offset-key=\"e37ge-0-0\"><span data-offset-key=\"e37ge-0-0\">\u00a0<\/span><\/div>\n<div class=\"\" data-block=\"true\" data-editor=\"dltro\" data-offset-key=\"8d739-0-0\">\n<p class=\"_1mf _1mj\" data-offset-key=\"8d739-0-0\"><span data-offset-key=\"8d739-0-0\"><span data-text=\"true\">Radno vrijeme 9 &#8211; 21 svaki dan, osim ponedjeljka.<\/span><\/span><\/p>\n<\/div>","protected":false},"excerpt":{"rendered":"<p>\u010cAST NAM JE I ZADOVOLJSTVO POZVATI VAS NA IZLO\u017dBU &#8221;1918&#8230;2018&#8230;2118&#8221; \u010cETVRTAK 1. O\u017dUJKA\u00a0 u 20:00h STARA GRADSKA VIJE\u0106NICA (Narodni trg- Split) \u00a0 &#8220;Hrvatska udruga likovnih umjetnika &#8211; Split&#8221; i udruga &#8220;Splitski cvit&#8221; organiziraju dvije grupne izlo\u017ebe u Staroj gradskoj vije\u0107nici u Splitu. \u00a0 Izlo\u017ebu &#8220;1918&#8230;2018&#8230;2118&#8221; u organizaciji Hrvatske udruge likovnih umjetnika, koju kustoski potpisuje Ivor Igrec, mo\u017eete posjetiti na prizemlju, prvom i drugom katu , a izlo\u017ebu &#8220;\u017dena je \u017eena&#8221;<\/p>\n<a href=\"https:\/\/hulu-split.hr\/en\/izlozba-1918-2018-2118-1-ozujka-8-ozujka-otvorenje-staroj-gradskoj-vijecnici-1-3-20h\/\"> <div class=\"readmorelink\"><div class=\"rmtext\">[ Pro\u010ditaj vi\u0161e ]<\/div><\/div><\/a>","protected":false},"author":385,"featured_media":10296,"comment_status":"open","ping_status":"open","sticky":false,"template":"","format":"standard","meta":{"_acf_changed":false,"footnotes":""},"categories":[40],"tags":[465,78,466,464],"class_list":{"0":"post-10297","1":"post","2":"type-post","3":"status-publish","4":"format-standard","5":"has-post-thumbnail","7":"category-novosti","8":"tag-grupna-izlozba","9":"tag-hulu-split","10":"tag-splitski-cvit","11":"tag-stara-gradska-vijecnica","12":"entry","13":"gs-1","14":"gs-odd","15":"gs-even","16":"gs-featured-content-entry"},"acf":[],"yoast_head":"<!-- This site is optimized with the Yoast SEO plugin v27.0 - https:\/\/yoast.com\/product\/yoast-seo-wordpress\/ -->\n<title>Izlo\u017eba grupe autora &quot;1918...2018...2118&quot;, 1.o\u017eujka - 9. o\u017eujka, otvorenje u Staroj gradskoj vije\u0107nici, 1.3. u 20h &#8211; HRVATSKA UDRUGA LIKOVNIH UMJETNIKA<\/title>\n<meta name=\"robots\" content=\"index, follow, max-snippet:-1, max-image-preview:large, max-video-preview:-1\" \/>\n<link rel=\"canonical\" href=\"https:\/\/hulu-split.hr\/en\/izlozba-1918-2018-2118-1-ozujka-8-ozujka-otvorenje-staroj-gradskoj-vijecnici-1-3-20h\/\" \/>\n<meta property=\"og:locale\" content=\"en_US\" \/>\n<meta property=\"og:type\" content=\"article\" \/>\n<meta property=\"og:title\" content=\"Izlo\u017eba grupe autora &quot;1918...2018...2118&quot;, 1.o\u017eujka - 9. o\u017eujka, otvorenje u Staroj gradskoj vije\u0107nici, 1.3. u 20h &#8211; HRVATSKA UDRUGA LIKOVNIH UMJETNIKA\" \/>\n<meta property=\"og:description\" content=\"\u010cAST NAM JE I ZADOVOLJSTVO POZVATI VAS NA IZLO\u017dBU &#8221;1918&#8230;2018&#8230;2118&#8221; \u010cETVRTAK 1. O\u017dUJKA\u00a0 u 20:00h STARA GRADSKA VIJE\u0106NICA (Narodni trg- Split) \u00a0 &#8220;Hrvatska udruga likovnih umjetnika &#8211; Split&#8221; i udruga &#8220;Splitski cvit&#8221; organiziraju dvije grupne izlo\u017ebe u Staroj gradskoj vije\u0107nici u Splitu. \u00a0 Izlo\u017ebu &#8220;1918&#8230;2018&#8230;2118&#8221; u organizaciji Hrvatske udruge likovnih umjetnika, koju kustoski potpisuje Ivor Igrec, mo\u017eete posjetiti na prizemlju, prvom i drugom katu , a izlo\u017ebu &#8220;\u017dena je \u017eena&#8221;\" \/>\n<meta property=\"og:url\" content=\"https:\/\/hulu-split.hr\/en\/izlozba-1918-2018-2118-1-ozujka-8-ozujka-otvorenje-staroj-gradskoj-vijecnici-1-3-20h\/\" \/>\n<meta property=\"og:site_name\" content=\"HRVATSKA UDRUGA LIKOVNIH UMJETNIKA\" \/>\n<meta property=\"article:publisher\" content=\"https:\/\/www.facebook.com\/udrugaHULU\" \/>\n<meta property=\"article:published_time\" content=\"2018-02-27T18:57:50+00:00\" \/>\n<meta property=\"article:modified_time\" content=\"2018-03-06T13:02:32+00:00\" \/>\n<meta property=\"og:image\" content=\"https:\/\/hulu-split.hr\/wp-content\/uploads\/2018\/02\/Ispiranje.jpg\" \/>\n\t<meta property=\"og:image:width\" content=\"944\" \/>\n\t<meta property=\"og:image:height\" content=\"536\" \/>\n\t<meta property=\"og:image:type\" content=\"image\/jpeg\" \/>\n<meta name=\"author\" content=\"hulu\" \/>\n<meta name=\"twitter:card\" content=\"summary_large_image\" \/>\n<meta name=\"twitter:creator\" content=\"@hulusplit\" \/>\n<meta name=\"twitter:site\" content=\"@hulusplit\" \/>\n<meta name=\"twitter:label1\" content=\"Written by\" \/>\n\t<meta name=\"twitter:data1\" content=\"hulu\" \/>\n\t<meta name=\"twitter:label2\" content=\"Est. reading time\" \/>\n\t<meta name=\"twitter:data2\" content=\"1 minute\" \/>\n<script type=\"application\/ld+json\" class=\"yoast-schema-graph\">{\"@context\":\"https:\/\/schema.org\",\"@graph\":[{\"@type\":\"Article\",\"@id\":\"https:\/\/hulu-split.hr\/en\/izlozba-1918-2018-2118-1-ozujka-8-ozujka-otvorenje-staroj-gradskoj-vijecnici-1-3-20h\/#article\",\"isPartOf\":{\"@id\":\"https:\/\/hulu-split.hr\/en\/izlozba-1918-2018-2118-1-ozujka-8-ozujka-otvorenje-staroj-gradskoj-vijecnici-1-3-20h\/\"},\"author\":{\"name\":\"hulu\",\"@id\":\"https:\/\/hulu-split.hr\/#\/schema\/person\/18152d8777eab0461d474ddd86dc40d4\"},\"headline\":\"Izlo\u017eba grupe autora &#8220;1918&#8230;2018&#8230;2118&#8221;, 1.o\u017eujka &#8211; 9. o\u017eujka, otvorenje u Staroj gradskoj vije\u0107nici, 1.3. u 20h\",\"datePublished\":\"2018-02-27T18:57:50+00:00\",\"dateModified\":\"2018-03-06T13:02:32+00:00\",\"mainEntityOfPage\":{\"@id\":\"https:\/\/hulu-split.hr\/en\/izlozba-1918-2018-2118-1-ozujka-8-ozujka-otvorenje-staroj-gradskoj-vijecnici-1-3-20h\/\"},\"wordCount\":291,\"commentCount\":0,\"image\":{\"@id\":\"https:\/\/hulu-split.hr\/en\/izlozba-1918-2018-2118-1-ozujka-8-ozujka-otvorenje-staroj-gradskoj-vijecnici-1-3-20h\/#primaryimage\"},\"thumbnailUrl\":\"https:\/\/hulu-split.hr\/wp-content\/uploads\/2018\/02\/Ispiranje.jpg\",\"keywords\":[\"grupna izlo\u017eba\",\"hulu split\",\"Splitski cvit\",\"Stara gradska vije\u0107nica\"],\"articleSection\":[\"Novosti\"],\"inLanguage\":\"en-US\",\"potentialAction\":[{\"@type\":\"CommentAction\",\"name\":\"Comment\",\"target\":[\"https:\/\/hulu-split.hr\/en\/izlozba-1918-2018-2118-1-ozujka-8-ozujka-otvorenje-staroj-gradskoj-vijecnici-1-3-20h\/#respond\"]}]},{\"@type\":\"WebPage\",\"@id\":\"https:\/\/hulu-split.hr\/en\/izlozba-1918-2018-2118-1-ozujka-8-ozujka-otvorenje-staroj-gradskoj-vijecnici-1-3-20h\/\",\"url\":\"https:\/\/hulu-split.hr\/en\/izlozba-1918-2018-2118-1-ozujka-8-ozujka-otvorenje-staroj-gradskoj-vijecnici-1-3-20h\/\",\"name\":\"Izlo\u017eba grupe autora \\\"1918...2018...2118\\\", 1.o\u017eujka - 9. o\u017eujka, otvorenje u Staroj gradskoj vije\u0107nici, 1.3. u 20h &#8211; HRVATSKA UDRUGA LIKOVNIH UMJETNIKA\",\"isPartOf\":{\"@id\":\"https:\/\/hulu-split.hr\/#website\"},\"primaryImageOfPage\":{\"@id\":\"https:\/\/hulu-split.hr\/en\/izlozba-1918-2018-2118-1-ozujka-8-ozujka-otvorenje-staroj-gradskoj-vijecnici-1-3-20h\/#primaryimage\"},\"image\":{\"@id\":\"https:\/\/hulu-split.hr\/en\/izlozba-1918-2018-2118-1-ozujka-8-ozujka-otvorenje-staroj-gradskoj-vijecnici-1-3-20h\/#primaryimage\"},\"thumbnailUrl\":\"https:\/\/hulu-split.hr\/wp-content\/uploads\/2018\/02\/Ispiranje.jpg\",\"datePublished\":\"2018-02-27T18:57:50+00:00\",\"dateModified\":\"2018-03-06T13:02:32+00:00\",\"author\":{\"@id\":\"https:\/\/hulu-split.hr\/#\/schema\/person\/18152d8777eab0461d474ddd86dc40d4\"},\"breadcrumb\":{\"@id\":\"https:\/\/hulu-split.hr\/en\/izlozba-1918-2018-2118-1-ozujka-8-ozujka-otvorenje-staroj-gradskoj-vijecnici-1-3-20h\/#breadcrumb\"},\"inLanguage\":\"en-US\",\"potentialAction\":[{\"@type\":\"ReadAction\",\"target\":[\"https:\/\/hulu-split.hr\/en\/izlozba-1918-2018-2118-1-ozujka-8-ozujka-otvorenje-staroj-gradskoj-vijecnici-1-3-20h\/\"]}]},{\"@type\":\"ImageObject\",\"inLanguage\":\"en-US\",\"@id\":\"https:\/\/hulu-split.hr\/en\/izlozba-1918-2018-2118-1-ozujka-8-ozujka-otvorenje-staroj-gradskoj-vijecnici-1-3-20h\/#primaryimage\",\"url\":\"https:\/\/hulu-split.hr\/wp-content\/uploads\/2018\/02\/Ispiranje.jpg\",\"contentUrl\":\"https:\/\/hulu-split.hr\/wp-content\/uploads\/2018\/02\/Ispiranje.jpg\",\"width\":944,\"height\":536},{\"@type\":\"BreadcrumbList\",\"@id\":\"https:\/\/hulu-split.hr\/en\/izlozba-1918-2018-2118-1-ozujka-8-ozujka-otvorenje-staroj-gradskoj-vijecnici-1-3-20h\/#breadcrumb\",\"itemListElement\":[{\"@type\":\"ListItem\",\"position\":1,\"name\":\"Po\u010detna stranica\",\"item\":\"https:\/\/hulu-split.hr\/\"},{\"@type\":\"ListItem\",\"position\":2,\"name\":\"Izlo\u017eba grupe autora &#8220;1918&#8230;2018&#8230;2118&#8221;, 1.o\u017eujka &#8211; 9. o\u017eujka, otvorenje u Staroj gradskoj vije\u0107nici, 1.3. u 20h\"}]},{\"@type\":\"WebSite\",\"@id\":\"https:\/\/hulu-split.hr\/#website\",\"url\":\"https:\/\/hulu-split.hr\/\",\"name\":\"HRVATSKA UDRUGA LIKOVNIH UMJETNIKA\",\"description\":\"CROATIAN ASSOCIATION OF VISUAL ARTISTS\",\"potentialAction\":[{\"@type\":\"SearchAction\",\"target\":{\"@type\":\"EntryPoint\",\"urlTemplate\":\"https:\/\/hulu-split.hr\/?s={search_term_string}\"},\"query-input\":{\"@type\":\"PropertyValueSpecification\",\"valueRequired\":true,\"valueName\":\"search_term_string\"}}],\"inLanguage\":\"en-US\"},{\"@type\":\"Person\",\"@id\":\"https:\/\/hulu-split.hr\/#\/schema\/person\/18152d8777eab0461d474ddd86dc40d4\",\"name\":\"hulu\",\"image\":{\"@type\":\"ImageObject\",\"inLanguage\":\"en-US\",\"@id\":\"https:\/\/hulu-split.hr\/#\/schema\/person\/image\/\",\"url\":\"https:\/\/secure.gravatar.com\/avatar\/bfde98f1900641db5139ec46e95eabab0e7ef470add11db9dbe2089a96ca74fb?s=96&d=mm&r=g\",\"contentUrl\":\"https:\/\/secure.gravatar.com\/avatar\/bfde98f1900641db5139ec46e95eabab0e7ef470add11db9dbe2089a96ca74fb?s=96&d=mm&r=g\",\"caption\":\"hulu\"},\"url\":\"https:\/\/hulu-split.hr\/en\/author\/hulu\/\"}]}<\/script>\n<!-- \/ Yoast SEO plugin. -->","yoast_head_json":{"title":"Izlo\u017eba grupe autora \"1918...2018...2118\", 1.o\u017eujka - 9. o\u017eujka, otvorenje u Staroj gradskoj vije\u0107nici, 1.3. u 20h &#8211; HRVATSKA UDRUGA LIKOVNIH UMJETNIKA","robots":{"index":"index","follow":"follow","max-snippet":"max-snippet:-1","max-image-preview":"max-image-preview:large","max-video-preview":"max-video-preview:-1"},"canonical":"https:\/\/hulu-split.hr\/en\/izlozba-1918-2018-2118-1-ozujka-8-ozujka-otvorenje-staroj-gradskoj-vijecnici-1-3-20h\/","og_locale":"en_US","og_type":"article","og_title":"Izlo\u017eba grupe autora \"1918...2018...2118\", 1.o\u017eujka - 9. o\u017eujka, otvorenje u Staroj gradskoj vije\u0107nici, 1.3. u 20h &#8211; HRVATSKA UDRUGA LIKOVNIH UMJETNIKA","og_description":"\u010cAST NAM JE I ZADOVOLJSTVO POZVATI VAS NA IZLO\u017dBU &#8221;1918&#8230;2018&#8230;2118&#8221; \u010cETVRTAK 1. O\u017dUJKA\u00a0 u 20:00h STARA GRADSKA VIJE\u0106NICA (Narodni trg- Split) \u00a0 &#8220;Hrvatska udruga likovnih umjetnika &#8211; Split&#8221; i udruga &#8220;Splitski cvit&#8221; organiziraju dvije grupne izlo\u017ebe u Staroj gradskoj vije\u0107nici u Splitu. \u00a0 Izlo\u017ebu &#8220;1918&#8230;2018&#8230;2118&#8221; u organizaciji Hrvatske udruge likovnih umjetnika, koju kustoski potpisuje Ivor Igrec, mo\u017eete posjetiti na prizemlju, prvom i drugom katu , a izlo\u017ebu &#8220;\u017dena je \u017eena&#8221;","og_url":"https:\/\/hulu-split.hr\/en\/izlozba-1918-2018-2118-1-ozujka-8-ozujka-otvorenje-staroj-gradskoj-vijecnici-1-3-20h\/","og_site_name":"HRVATSKA UDRUGA LIKOVNIH UMJETNIKA","article_publisher":"https:\/\/www.facebook.com\/udrugaHULU","article_published_time":"2018-02-27T18:57:50+00:00","article_modified_time":"2018-03-06T13:02:32+00:00","og_image":[{"width":944,"height":536,"url":"https:\/\/hulu-split.hr\/wp-content\/uploads\/2018\/02\/Ispiranje.jpg","type":"image\/jpeg"}],"author":"hulu","twitter_card":"summary_large_image","twitter_creator":"@hulusplit","twitter_site":"@hulusplit","twitter_misc":{"Written by":"hulu","Est. reading time":"1 minute"},"schema":{"@context":"https:\/\/schema.org","@graph":[{"@type":"Article","@id":"https:\/\/hulu-split.hr\/en\/izlozba-1918-2018-2118-1-ozujka-8-ozujka-otvorenje-staroj-gradskoj-vijecnici-1-3-20h\/#article","isPartOf":{"@id":"https:\/\/hulu-split.hr\/en\/izlozba-1918-2018-2118-1-ozujka-8-ozujka-otvorenje-staroj-gradskoj-vijecnici-1-3-20h\/"},"author":{"name":"hulu","@id":"https:\/\/hulu-split.hr\/#\/schema\/person\/18152d8777eab0461d474ddd86dc40d4"},"headline":"Izlo\u017eba grupe autora &#8220;1918&#8230;2018&#8230;2118&#8221;, 1.o\u017eujka &#8211; 9. o\u017eujka, otvorenje u Staroj gradskoj vije\u0107nici, 1.3. u 20h","datePublished":"2018-02-27T18:57:50+00:00","dateModified":"2018-03-06T13:02:32+00:00","mainEntityOfPage":{"@id":"https:\/\/hulu-split.hr\/en\/izlozba-1918-2018-2118-1-ozujka-8-ozujka-otvorenje-staroj-gradskoj-vijecnici-1-3-20h\/"},"wordCount":291,"commentCount":0,"image":{"@id":"https:\/\/hulu-split.hr\/en\/izlozba-1918-2018-2118-1-ozujka-8-ozujka-otvorenje-staroj-gradskoj-vijecnici-1-3-20h\/#primaryimage"},"thumbnailUrl":"https:\/\/hulu-split.hr\/wp-content\/uploads\/2018\/02\/Ispiranje.jpg","keywords":["grupna izlo\u017eba","hulu split","Splitski cvit","Stara gradska vije\u0107nica"],"articleSection":["Novosti"],"inLanguage":"en-US","potentialAction":[{"@type":"CommentAction","name":"Comment","target":["https:\/\/hulu-split.hr\/en\/izlozba-1918-2018-2118-1-ozujka-8-ozujka-otvorenje-staroj-gradskoj-vijecnici-1-3-20h\/#respond"]}]},{"@type":"WebPage","@id":"https:\/\/hulu-split.hr\/en\/izlozba-1918-2018-2118-1-ozujka-8-ozujka-otvorenje-staroj-gradskoj-vijecnici-1-3-20h\/","url":"https:\/\/hulu-split.hr\/en\/izlozba-1918-2018-2118-1-ozujka-8-ozujka-otvorenje-staroj-gradskoj-vijecnici-1-3-20h\/","name":"Izlo\u017eba grupe autora \"1918...2018...2118\", 1.o\u017eujka - 9. o\u017eujka, otvorenje u Staroj gradskoj vije\u0107nici, 1.3. u 20h &#8211; HRVATSKA UDRUGA LIKOVNIH UMJETNIKA","isPartOf":{"@id":"https:\/\/hulu-split.hr\/#website"},"primaryImageOfPage":{"@id":"https:\/\/hulu-split.hr\/en\/izlozba-1918-2018-2118-1-ozujka-8-ozujka-otvorenje-staroj-gradskoj-vijecnici-1-3-20h\/#primaryimage"},"image":{"@id":"https:\/\/hulu-split.hr\/en\/izlozba-1918-2018-2118-1-ozujka-8-ozujka-otvorenje-staroj-gradskoj-vijecnici-1-3-20h\/#primaryimage"},"thumbnailUrl":"https:\/\/hulu-split.hr\/wp-content\/uploads\/2018\/02\/Ispiranje.jpg","datePublished":"2018-02-27T18:57:50+00:00","dateModified":"2018-03-06T13:02:32+00:00","author":{"@id":"https:\/\/hulu-split.hr\/#\/schema\/person\/18152d8777eab0461d474ddd86dc40d4"},"breadcrumb":{"@id":"https:\/\/hulu-split.hr\/en\/izlozba-1918-2018-2118-1-ozujka-8-ozujka-otvorenje-staroj-gradskoj-vijecnici-1-3-20h\/#breadcrumb"},"inLanguage":"en-US","potentialAction":[{"@type":"ReadAction","target":["https:\/\/hulu-split.hr\/en\/izlozba-1918-2018-2118-1-ozujka-8-ozujka-otvorenje-staroj-gradskoj-vijecnici-1-3-20h\/"]}]},{"@type":"ImageObject","inLanguage":"en-US","@id":"https:\/\/hulu-split.hr\/en\/izlozba-1918-2018-2118-1-ozujka-8-ozujka-otvorenje-staroj-gradskoj-vijecnici-1-3-20h\/#primaryimage","url":"https:\/\/hulu-split.hr\/wp-content\/uploads\/2018\/02\/Ispiranje.jpg","contentUrl":"https:\/\/hulu-split.hr\/wp-content\/uploads\/2018\/02\/Ispiranje.jpg","width":944,"height":536},{"@type":"BreadcrumbList","@id":"https:\/\/hulu-split.hr\/en\/izlozba-1918-2018-2118-1-ozujka-8-ozujka-otvorenje-staroj-gradskoj-vijecnici-1-3-20h\/#breadcrumb","itemListElement":[{"@type":"ListItem","position":1,"name":"Po\u010detna stranica","item":"https:\/\/hulu-split.hr\/"},{"@type":"ListItem","position":2,"name":"Izlo\u017eba grupe autora &#8220;1918&#8230;2018&#8230;2118&#8221;, 1.o\u017eujka &#8211; 9. o\u017eujka, otvorenje u Staroj gradskoj vije\u0107nici, 1.3. u 20h"}]},{"@type":"WebSite","@id":"https:\/\/hulu-split.hr\/#website","url":"https:\/\/hulu-split.hr\/","name":"CROATIAN ASSOCIATION OF FINE ARTISTS","description":"CROATIAN ASSOCIATION OF VISUAL ARTISTS","potentialAction":[{"@type":"SearchAction","target":{"@type":"EntryPoint","urlTemplate":"https:\/\/hulu-split.hr\/?s={search_term_string}"},"query-input":{"@type":"PropertyValueSpecification","valueRequired":true,"valueName":"search_term_string"}}],"inLanguage":"en-US"},{"@type":"Person","@id":"https:\/\/hulu-split.hr\/#\/schema\/person\/18152d8777eab0461d474ddd86dc40d4","name":"Hulu","image":{"@type":"ImageObject","inLanguage":"en-US","@id":"https:\/\/hulu-split.hr\/#\/schema\/person\/image\/","url":"https:\/\/secure.gravatar.com\/avatar\/bfde98f1900641db5139ec46e95eabab0e7ef470add11db9dbe2089a96ca74fb?s=96&d=mm&r=g","contentUrl":"https:\/\/secure.gravatar.com\/avatar\/bfde98f1900641db5139ec46e95eabab0e7ef470add11db9dbe2089a96ca74fb?s=96&d=mm&r=g","caption":"hulu"},"url":"https:\/\/hulu-split.hr\/en\/author\/hulu\/"}]}},"_links":{"self":[{"href":"https:\/\/hulu-split.hr\/en\/wp-json\/wp\/v2\/posts\/10297","targetHints":{"allow":["GET"]}}],"collection":[{"href":"https:\/\/hulu-split.hr\/en\/wp-json\/wp\/v2\/posts"}],"about":[{"href":"https:\/\/hulu-split.hr\/en\/wp-json\/wp\/v2\/types\/post"}],"author":[{"embeddable":true,"href":"https:\/\/hulu-split.hr\/en\/wp-json\/wp\/v2\/users\/385"}],"replies":[{"embeddable":true,"href":"https:\/\/hulu-split.hr\/en\/wp-json\/wp\/v2\/comments?post=10297"}],"version-history":[{"count":5,"href":"https:\/\/hulu-split.hr\/en\/wp-json\/wp\/v2\/posts\/10297\/revisions"}],"predecessor-version":[{"id":10341,"href":"https:\/\/hulu-split.hr\/en\/wp-json\/wp\/v2\/posts\/10297\/revisions\/10341"}],"wp:featuredmedia":[{"embeddable":true,"href":"https:\/\/hulu-split.hr\/en\/wp-json\/wp\/v2\/media\/10296"}],"wp:attachment":[{"href":"https:\/\/hulu-split.hr\/en\/wp-json\/wp\/v2\/media?parent=10297"}],"wp:term":[{"taxonomy":"category","embeddable":true,"href":"https:\/\/hulu-split.hr\/en\/wp-json\/wp\/v2\/categories?post=10297"},{"taxonomy":"post_tag","embeddable":true,"href":"https:\/\/hulu-split.hr\/en\/wp-json\/wp\/v2\/tags?post=10297"}],"curies":[{"name":"wp","href":"https:\/\/api.w.org\/{rel}","templated":true}]}}