
{"id":13828,"date":"2019-01-07T15:42:57","date_gmt":"2019-01-07T13:42:57","guid":{"rendered":"http:\/\/hulu-split.hr\/?p=13828"},"modified":"2019-01-07T15:42:57","modified_gmt":"2019-01-07T13:42:57","slug":"natjecaj-izlozbu-animus-sklopu-manifestacije-splitski-cvit-povodom-dana-zena-2019","status":"publish","type":"post","link":"https:\/\/hulu-split.hr\/en\/natjecaj-izlozbu-animus-sklopu-manifestacije-splitski-cvit-povodom-dana-zena-2019\/","title":{"rendered":"NATJE\u010cAJ ZA IZLO\u017dBU \u201eANIMUS\u201c U SKLOPU MANIFESTACIJE \u201eSPLITSKI CVIT\u201c POVODOM DANA \u017dENA 2019."},"content":{"rendered":"<p>NATJE\u010cAJ ZA IZLO\u017dBU <strong>\u201eANIMUS\u201c<\/strong> U SKLOPU MANIFESTACIJE \u201eSPLITSKI CVIT\u201c POVODOM DANA \u017dENA 2019.<\/p>\n<p>Izlo\u017eba \u201eAnimus\u201c odr\u017eat \u0107e se u <strong>Staroj gradskoj vije\u0107nici u Splitu od 1. 3. \u2013 10. 3. 2019.<\/strong> u organizaciji udruge Na\u0161 kvart uz potporu HULU Splita i Grada Splita. Izlo\u017ebu kurira povjesni\u010darka umjetnosti Dora Derado u suorganizaciji s umjetnicom Ana Marijom Botteri te Milenom Mratini\u0107, za\u010detnicom projekta \u201eSplitski cvit \u2013 \u017eena je \u017eena\u201c.<\/p>\n<p>&nbsp;<\/p>\n<p><strong>TEMA IZLO\u017dBE<\/strong><\/p>\n<p>Ideja Animusa, odnosno kontraseksualnih mu\u017eevnih kapaciteta unutar \u017eene, u ovom kontekstu slu\u017ei kao poticaj za introspekciju, umjetni\u010dko stvarala\u0161tvo te otkrivanje potisnutih, skrivenih ili naprosto rijetko izra\u017eenih dijelova osobnosti \u017eene. Jungova psihologija tuma\u010di Animus kao utjelovljenje klasi\u010dnih maskulinih osobina poput asertivnosti i agresivnosti, ali ujedno nagla\u0161ava va\u017enost integracije Animusa u Ego kako bi osoba, u ovom slu\u010daju \u017eena, izgradila potpunu, zaokru\u017eenu osobnost.<\/p>\n<p>Proces umjetni\u010dke kreacije mo\u017ee omogu\u0107iti prou\u010davanje, a potom i prihva\u0107anje razli\u010ditih aspekata osobnosti, napose onih nesvjesnih i \u201emaskulinih\u201c, koji su bili odba\u010deni u prethodnim fazama osobnog, pa i umjetni\u010dkog razvoja. Radovi predstavljeni na izlo\u017ebi \u201eAnimus\u201c prezentirat \u0107e privatne svjetove, surove emocije i nutarnje dileme njihovih kreatorica koje su se upustile u proces reintegracije ovih aspekata svoje osobnosti, a samim time se zalo\u017eile za vlastiti razvoj s ciljem dosezanja svog punog potencijala kao osobe i umjetnice, odnosno svog maksimuma u svakoj \u017eivotnoj ulozi.<\/p>\n<p>&nbsp;<\/p>\n<p><strong>UVJETI ZA PRIJAVU<\/strong><\/p>\n<p>Uzev\u0161i u obzir narav i povod izlo\u017ebe, Natje\u010daj je namijenjen isklju\u010divo <strong>\u017eenskim<\/strong> osobama, to jest <strong>likovnim umjetnicama <\/strong>bez obzira na kori\u0161tene medije i likovne tehnike. Predlagateljica mora biti punoljetna i ispravo popuniti Obrazac za prijavu sukladno uputama za prijavu (ispod).<\/p>\n<p>Kotizacija za sudjelovanje na izlo\u017ebi iznosi 30 kn, a obvezu njenog pla\u0107anja udruzi\u00a0 Na\u0161 Kvart \u0107e imati samo one predlagateljice koje budu uvr\u0161tene u program izlo\u017ebe. Daljnje upute za pla\u0107anje bit \u0107e poslane putem e-maila zajedno s obavijesti o prihva\u0107anju rada\/ova na izlo\u017ebu.<\/p>\n<p>&nbsp;<\/p>\n<p><strong>UPUTE ZA PRIJAVU<\/strong><\/p>\n<p>Prijave se vr\u0161e isklju\u010divo putem <em>online<\/em> obrasca na sljede\u0107oj poveznici:<\/p>\n<p><a href=\"https:\/\/goo.gl\/forms\/DL6qVQ5DkBtXpAZS2\">https:\/\/goo.gl\/forms\/DL6qVQ5DkBtXpAZS2<\/a><\/p>\n<p>Svaka predlagateljica mo\u017ee aplicirati maksimalno dva rada. Za svaki rad je potrebno ispuniti zasebni obrazac.<\/p>\n<p>Prijave u kojima nisu ispunjena sva obvezna polja, koja se ne pridr\u017eavaju istaknutih uputa uz polja, uz koje nije prilo\u017eena potrebna dokumentacija ili koje su poslane nakon zadanog roka smatrat \u0107e se neva\u017ee\u0107ima i ne\u0107e se uzeti u razmatranje.<\/p>\n<p><strong>Rok za prijavu: 21. 1. 2019. u 23:59.<\/strong><\/p>\n<p>Nakon \u0161to povjerenstvo razmotri pristigle potpune prijave, predlagateljice koje budu uvr\u0161tene u program bit \u0107e osobno obavije\u0161tene putem datog kontakta iz Obrasca za prijavu dana i to do 1. 2. 2019. Istim putem \u0107e biti poslane i daljnje upute, uklju\u010duju\u0107i upute za pla\u0107anje kotizacije za sudjelovanje.<\/p>\n<p>&nbsp;<\/p>\n<p><strong>Financiranje izlo\u017ebe: <\/strong>Organizacija, priprema i izlaganje na izlo\u017ebi je volonterske naravi, odnosno nema predvi\u0111enih autorskih honorara. Tijekom priprema \u0107e se tra\u017eiti financijska potpora u vidu donacija od vi\u0161e ustanova i tvrtki, a pla\u0107anjem kotizacije u iznosu od 30 kn, svaki sudionik \u0107e tako\u0111er poduprijeti izlo\u017ebu. Sve financije \u0107e biti usmjerene na promociju izlo\u017ebe u vidu dizajna i tiska plakata i kataloga te organiziranja prigodnog domjenka za otvaranje izlo\u017ebe. Tro\u0161kove produkcije i opreme umjetni\u010dkih radova, transporta radova i putne tro\u0161kove svi sudionici snose sami.<\/p>\n<p><strong>Kontakt: <\/strong>Za sve dodatne informacije vezane uz Natje\u010daj, mo\u017eete se obratiti e-mailom na adrese: <a href=\"mailto:derado.dora@gmail.com\">derado.dora@gmail.com<\/a> i\/ili <a href=\"mailto:ambotteri@gmail.com\">ambotteri@gmail.com<\/a><\/p>","protected":false},"excerpt":{"rendered":"<p>NATJE\u010cAJ ZA IZLO\u017dBU \u201eANIMUS\u201c U SKLOPU MANIFESTACIJE \u201eSPLITSKI CVIT\u201c POVODOM DANA \u017dENA 2019. Izlo\u017eba \u201eAnimus\u201c odr\u017eat \u0107e se u Staroj gradskoj vije\u0107nici u Splitu od 1. 3. \u2013 10. 3. 2019. u organizaciji udruge Na\u0161 kvart uz potporu HULU Splita i Grada Splita. Izlo\u017ebu kurira povjesni\u010darka umjetnosti Dora Derado u suorganizaciji s umjetnicom Ana Marijom Botteri te Milenom Mratini\u0107, za\u010detnicom projekta \u201eSplitski cvit \u2013 \u017eena je \u017eena\u201c. &nbsp; TEMA IZLO\u017dBE<\/p>\n<a href=\"https:\/\/hulu-split.hr\/en\/natjecaj-izlozbu-animus-sklopu-manifestacije-splitski-cvit-povodom-dana-zena-2019\/\"> <div class=\"readmorelink\"><div class=\"rmtext\">[ Pro\u010ditaj vi\u0161e ]<\/div><\/div><\/a>","protected":false},"author":385,"featured_media":13829,"comment_status":"open","ping_status":"open","sticky":false,"template":"","format":"standard","meta":{"_acf_changed":false,"footnotes":""},"categories":[40],"tags":[],"class_list":{"0":"post-13828","1":"post","2":"type-post","3":"status-publish","4":"format-standard","5":"has-post-thumbnail","7":"category-novosti","8":"entry","9":"gs-1","10":"gs-odd","11":"gs-even","12":"gs-featured-content-entry"},"acf":[],"yoast_head":"<!-- This site is optimized with the Yoast SEO plugin v27.0 - https:\/\/yoast.com\/product\/yoast-seo-wordpress\/ -->\n<title>NATJE\u010cAJ ZA IZLO\u017dBU \u201eANIMUS\u201c U SKLOPU MANIFESTACIJE \u201eSPLITSKI CVIT\u201c POVODOM DANA \u017dENA 2019. &#8211; HRVATSKA UDRUGA LIKOVNIH UMJETNIKA<\/title>\n<meta name=\"robots\" content=\"index, follow, max-snippet:-1, max-image-preview:large, max-video-preview:-1\" \/>\n<link rel=\"canonical\" href=\"https:\/\/hulu-split.hr\/en\/natjecaj-izlozbu-animus-sklopu-manifestacije-splitski-cvit-povodom-dana-zena-2019\/\" \/>\n<meta property=\"og:locale\" content=\"en_US\" \/>\n<meta property=\"og:type\" content=\"article\" \/>\n<meta property=\"og:title\" content=\"NATJE\u010cAJ ZA IZLO\u017dBU \u201eANIMUS\u201c U SKLOPU MANIFESTACIJE \u201eSPLITSKI CVIT\u201c POVODOM DANA \u017dENA 2019. &#8211; HRVATSKA UDRUGA LIKOVNIH UMJETNIKA\" \/>\n<meta property=\"og:description\" content=\"NATJE\u010cAJ ZA IZLO\u017dBU \u201eANIMUS\u201c U SKLOPU MANIFESTACIJE \u201eSPLITSKI CVIT\u201c POVODOM DANA \u017dENA 2019. Izlo\u017eba \u201eAnimus\u201c odr\u017eat \u0107e se u Staroj gradskoj vije\u0107nici u Splitu od 1. 3. \u2013 10. 3. 2019. u organizaciji udruge Na\u0161 kvart uz potporu HULU Splita i Grada Splita. Izlo\u017ebu kurira povjesni\u010darka umjetnosti Dora Derado u suorganizaciji s umjetnicom Ana Marijom Botteri te Milenom Mratini\u0107, za\u010detnicom projekta \u201eSplitski cvit \u2013 \u017eena je \u017eena\u201c. &nbsp; TEMA IZLO\u017dBE\" \/>\n<meta property=\"og:url\" content=\"https:\/\/hulu-split.hr\/en\/natjecaj-izlozbu-animus-sklopu-manifestacije-splitski-cvit-povodom-dana-zena-2019\/\" \/>\n<meta property=\"og:site_name\" content=\"HRVATSKA UDRUGA LIKOVNIH UMJETNIKA\" \/>\n<meta property=\"article:publisher\" content=\"https:\/\/www.facebook.com\/udrugaHULU\" \/>\n<meta property=\"article:published_time\" content=\"2019-01-07T13:42:57+00:00\" \/>\n<meta property=\"og:image\" content=\"https:\/\/hulu-split.hr\/wp-content\/uploads\/2019\/01\/\u017eene-fotke.jpg\" \/>\n\t<meta property=\"og:image:width\" content=\"800\" \/>\n\t<meta property=\"og:image:height\" content=\"600\" \/>\n\t<meta property=\"og:image:type\" content=\"image\/jpeg\" \/>\n<meta name=\"author\" content=\"hulu\" \/>\n<meta name=\"twitter:card\" content=\"summary_large_image\" \/>\n<meta name=\"twitter:creator\" content=\"@hulusplit\" \/>\n<meta name=\"twitter:site\" content=\"@hulusplit\" \/>\n<meta name=\"twitter:label1\" content=\"Written by\" \/>\n\t<meta name=\"twitter:data1\" content=\"hulu\" \/>\n\t<meta name=\"twitter:label2\" content=\"Est. reading time\" \/>\n\t<meta name=\"twitter:data2\" content=\"3 minutes\" \/>\n<script type=\"application\/ld+json\" class=\"yoast-schema-graph\">{\"@context\":\"https:\/\/schema.org\",\"@graph\":[{\"@type\":\"Article\",\"@id\":\"https:\/\/hulu-split.hr\/en\/natjecaj-izlozbu-animus-sklopu-manifestacije-splitski-cvit-povodom-dana-zena-2019\/#article\",\"isPartOf\":{\"@id\":\"https:\/\/hulu-split.hr\/en\/natjecaj-izlozbu-animus-sklopu-manifestacije-splitski-cvit-povodom-dana-zena-2019\/\"},\"author\":{\"name\":\"hulu\",\"@id\":\"https:\/\/hulu-split.hr\/#\/schema\/person\/18152d8777eab0461d474ddd86dc40d4\"},\"headline\":\"NATJE\u010cAJ ZA IZLO\u017dBU \u201eANIMUS\u201c U SKLOPU MANIFESTACIJE \u201eSPLITSKI CVIT\u201c POVODOM DANA \u017dENA 2019.\",\"datePublished\":\"2019-01-07T13:42:57+00:00\",\"mainEntityOfPage\":{\"@id\":\"https:\/\/hulu-split.hr\/en\/natjecaj-izlozbu-animus-sklopu-manifestacije-splitski-cvit-povodom-dana-zena-2019\/\"},\"wordCount\":605,\"commentCount\":0,\"image\":{\"@id\":\"https:\/\/hulu-split.hr\/en\/natjecaj-izlozbu-animus-sklopu-manifestacije-splitski-cvit-povodom-dana-zena-2019\/#primaryimage\"},\"thumbnailUrl\":\"https:\/\/hulu-split.hr\/wp-content\/uploads\/2019\/01\/\u017eene-fotke.jpg\",\"articleSection\":[\"Novosti\"],\"inLanguage\":\"en-US\",\"potentialAction\":[{\"@type\":\"CommentAction\",\"name\":\"Comment\",\"target\":[\"https:\/\/hulu-split.hr\/en\/natjecaj-izlozbu-animus-sklopu-manifestacije-splitski-cvit-povodom-dana-zena-2019\/#respond\"]}]},{\"@type\":\"WebPage\",\"@id\":\"https:\/\/hulu-split.hr\/en\/natjecaj-izlozbu-animus-sklopu-manifestacije-splitski-cvit-povodom-dana-zena-2019\/\",\"url\":\"https:\/\/hulu-split.hr\/en\/natjecaj-izlozbu-animus-sklopu-manifestacije-splitski-cvit-povodom-dana-zena-2019\/\",\"name\":\"NATJE\u010cAJ ZA IZLO\u017dBU \u201eANIMUS\u201c U SKLOPU MANIFESTACIJE \u201eSPLITSKI CVIT\u201c POVODOM DANA \u017dENA 2019. &#8211; HRVATSKA UDRUGA LIKOVNIH UMJETNIKA\",\"isPartOf\":{\"@id\":\"https:\/\/hulu-split.hr\/#website\"},\"primaryImageOfPage\":{\"@id\":\"https:\/\/hulu-split.hr\/en\/natjecaj-izlozbu-animus-sklopu-manifestacije-splitski-cvit-povodom-dana-zena-2019\/#primaryimage\"},\"image\":{\"@id\":\"https:\/\/hulu-split.hr\/en\/natjecaj-izlozbu-animus-sklopu-manifestacije-splitski-cvit-povodom-dana-zena-2019\/#primaryimage\"},\"thumbnailUrl\":\"https:\/\/hulu-split.hr\/wp-content\/uploads\/2019\/01\/\u017eene-fotke.jpg\",\"datePublished\":\"2019-01-07T13:42:57+00:00\",\"author\":{\"@id\":\"https:\/\/hulu-split.hr\/#\/schema\/person\/18152d8777eab0461d474ddd86dc40d4\"},\"breadcrumb\":{\"@id\":\"https:\/\/hulu-split.hr\/en\/natjecaj-izlozbu-animus-sklopu-manifestacije-splitski-cvit-povodom-dana-zena-2019\/#breadcrumb\"},\"inLanguage\":\"en-US\",\"potentialAction\":[{\"@type\":\"ReadAction\",\"target\":[\"https:\/\/hulu-split.hr\/en\/natjecaj-izlozbu-animus-sklopu-manifestacije-splitski-cvit-povodom-dana-zena-2019\/\"]}]},{\"@type\":\"ImageObject\",\"inLanguage\":\"en-US\",\"@id\":\"https:\/\/hulu-split.hr\/en\/natjecaj-izlozbu-animus-sklopu-manifestacije-splitski-cvit-povodom-dana-zena-2019\/#primaryimage\",\"url\":\"https:\/\/hulu-split.hr\/wp-content\/uploads\/2019\/01\/\u017eene-fotke.jpg\",\"contentUrl\":\"https:\/\/hulu-split.hr\/wp-content\/uploads\/2019\/01\/\u017eene-fotke.jpg\",\"width\":800,\"height\":600},{\"@type\":\"BreadcrumbList\",\"@id\":\"https:\/\/hulu-split.hr\/en\/natjecaj-izlozbu-animus-sklopu-manifestacije-splitski-cvit-povodom-dana-zena-2019\/#breadcrumb\",\"itemListElement\":[{\"@type\":\"ListItem\",\"position\":1,\"name\":\"Po\u010detna stranica\",\"item\":\"https:\/\/hulu-split.hr\/\"},{\"@type\":\"ListItem\",\"position\":2,\"name\":\"NATJE\u010cAJ ZA IZLO\u017dBU \u201eANIMUS\u201c U SKLOPU MANIFESTACIJE \u201eSPLITSKI CVIT\u201c POVODOM DANA \u017dENA 2019.\"}]},{\"@type\":\"WebSite\",\"@id\":\"https:\/\/hulu-split.hr\/#website\",\"url\":\"https:\/\/hulu-split.hr\/\",\"name\":\"HRVATSKA UDRUGA LIKOVNIH UMJETNIKA\",\"description\":\"CROATIAN ASSOCIATION OF VISUAL ARTISTS\",\"potentialAction\":[{\"@type\":\"SearchAction\",\"target\":{\"@type\":\"EntryPoint\",\"urlTemplate\":\"https:\/\/hulu-split.hr\/?s={search_term_string}\"},\"query-input\":{\"@type\":\"PropertyValueSpecification\",\"valueRequired\":true,\"valueName\":\"search_term_string\"}}],\"inLanguage\":\"en-US\"},{\"@type\":\"Person\",\"@id\":\"https:\/\/hulu-split.hr\/#\/schema\/person\/18152d8777eab0461d474ddd86dc40d4\",\"name\":\"hulu\",\"image\":{\"@type\":\"ImageObject\",\"inLanguage\":\"en-US\",\"@id\":\"https:\/\/hulu-split.hr\/#\/schema\/person\/image\/\",\"url\":\"https:\/\/secure.gravatar.com\/avatar\/bfde98f1900641db5139ec46e95eabab0e7ef470add11db9dbe2089a96ca74fb?s=96&d=mm&r=g\",\"contentUrl\":\"https:\/\/secure.gravatar.com\/avatar\/bfde98f1900641db5139ec46e95eabab0e7ef470add11db9dbe2089a96ca74fb?s=96&d=mm&r=g\",\"caption\":\"hulu\"},\"url\":\"https:\/\/hulu-split.hr\/en\/author\/hulu\/\"}]}<\/script>\n<!-- \/ Yoast SEO plugin. -->","yoast_head_json":{"title":"NATJE\u010cAJ ZA IZLO\u017dBU \u201eANIMUS\u201c U SKLOPU MANIFESTACIJE \u201eSPLITSKI CVIT\u201c POVODOM DANA \u017dENA 2019. &#8211; HRVATSKA UDRUGA LIKOVNIH UMJETNIKA","robots":{"index":"index","follow":"follow","max-snippet":"max-snippet:-1","max-image-preview":"max-image-preview:large","max-video-preview":"max-video-preview:-1"},"canonical":"https:\/\/hulu-split.hr\/en\/natjecaj-izlozbu-animus-sklopu-manifestacije-splitski-cvit-povodom-dana-zena-2019\/","og_locale":"en_US","og_type":"article","og_title":"NATJE\u010cAJ ZA IZLO\u017dBU \u201eANIMUS\u201c U SKLOPU MANIFESTACIJE \u201eSPLITSKI CVIT\u201c POVODOM DANA \u017dENA 2019. &#8211; HRVATSKA UDRUGA LIKOVNIH UMJETNIKA","og_description":"NATJE\u010cAJ ZA IZLO\u017dBU \u201eANIMUS\u201c U SKLOPU MANIFESTACIJE \u201eSPLITSKI CVIT\u201c POVODOM DANA \u017dENA 2019. Izlo\u017eba \u201eAnimus\u201c odr\u017eat \u0107e se u Staroj gradskoj vije\u0107nici u Splitu od 1. 3. \u2013 10. 3. 2019. u organizaciji udruge Na\u0161 kvart uz potporu HULU Splita i Grada Splita. Izlo\u017ebu kurira povjesni\u010darka umjetnosti Dora Derado u suorganizaciji s umjetnicom Ana Marijom Botteri te Milenom Mratini\u0107, za\u010detnicom projekta \u201eSplitski cvit \u2013 \u017eena je \u017eena\u201c. &nbsp; TEMA IZLO\u017dBE","og_url":"https:\/\/hulu-split.hr\/en\/natjecaj-izlozbu-animus-sklopu-manifestacije-splitski-cvit-povodom-dana-zena-2019\/","og_site_name":"HRVATSKA UDRUGA LIKOVNIH UMJETNIKA","article_publisher":"https:\/\/www.facebook.com\/udrugaHULU","article_published_time":"2019-01-07T13:42:57+00:00","og_image":[{"width":800,"height":600,"url":"https:\/\/hulu-split.hr\/wp-content\/uploads\/2019\/01\/\u017eene-fotke.jpg","type":"image\/jpeg"}],"author":"hulu","twitter_card":"summary_large_image","twitter_creator":"@hulusplit","twitter_site":"@hulusplit","twitter_misc":{"Written by":"hulu","Est. reading time":"3 minutes"},"schema":{"@context":"https:\/\/schema.org","@graph":[{"@type":"Article","@id":"https:\/\/hulu-split.hr\/en\/natjecaj-izlozbu-animus-sklopu-manifestacije-splitski-cvit-povodom-dana-zena-2019\/#article","isPartOf":{"@id":"https:\/\/hulu-split.hr\/en\/natjecaj-izlozbu-animus-sklopu-manifestacije-splitski-cvit-povodom-dana-zena-2019\/"},"author":{"name":"hulu","@id":"https:\/\/hulu-split.hr\/#\/schema\/person\/18152d8777eab0461d474ddd86dc40d4"},"headline":"NATJE\u010cAJ ZA IZLO\u017dBU \u201eANIMUS\u201c U SKLOPU MANIFESTACIJE \u201eSPLITSKI CVIT\u201c POVODOM DANA \u017dENA 2019.","datePublished":"2019-01-07T13:42:57+00:00","mainEntityOfPage":{"@id":"https:\/\/hulu-split.hr\/en\/natjecaj-izlozbu-animus-sklopu-manifestacije-splitski-cvit-povodom-dana-zena-2019\/"},"wordCount":605,"commentCount":0,"image":{"@id":"https:\/\/hulu-split.hr\/en\/natjecaj-izlozbu-animus-sklopu-manifestacije-splitski-cvit-povodom-dana-zena-2019\/#primaryimage"},"thumbnailUrl":"https:\/\/hulu-split.hr\/wp-content\/uploads\/2019\/01\/\u017eene-fotke.jpg","articleSection":["Novosti"],"inLanguage":"en-US","potentialAction":[{"@type":"CommentAction","name":"Comment","target":["https:\/\/hulu-split.hr\/en\/natjecaj-izlozbu-animus-sklopu-manifestacije-splitski-cvit-povodom-dana-zena-2019\/#respond"]}]},{"@type":"WebPage","@id":"https:\/\/hulu-split.hr\/en\/natjecaj-izlozbu-animus-sklopu-manifestacije-splitski-cvit-povodom-dana-zena-2019\/","url":"https:\/\/hulu-split.hr\/en\/natjecaj-izlozbu-animus-sklopu-manifestacije-splitski-cvit-povodom-dana-zena-2019\/","name":"NATJE\u010cAJ ZA IZLO\u017dBU \u201eANIMUS\u201c U SKLOPU MANIFESTACIJE \u201eSPLITSKI CVIT\u201c POVODOM DANA \u017dENA 2019. &#8211; HRVATSKA UDRUGA LIKOVNIH UMJETNIKA","isPartOf":{"@id":"https:\/\/hulu-split.hr\/#website"},"primaryImageOfPage":{"@id":"https:\/\/hulu-split.hr\/en\/natjecaj-izlozbu-animus-sklopu-manifestacije-splitski-cvit-povodom-dana-zena-2019\/#primaryimage"},"image":{"@id":"https:\/\/hulu-split.hr\/en\/natjecaj-izlozbu-animus-sklopu-manifestacije-splitski-cvit-povodom-dana-zena-2019\/#primaryimage"},"thumbnailUrl":"https:\/\/hulu-split.hr\/wp-content\/uploads\/2019\/01\/\u017eene-fotke.jpg","datePublished":"2019-01-07T13:42:57+00:00","author":{"@id":"https:\/\/hulu-split.hr\/#\/schema\/person\/18152d8777eab0461d474ddd86dc40d4"},"breadcrumb":{"@id":"https:\/\/hulu-split.hr\/en\/natjecaj-izlozbu-animus-sklopu-manifestacije-splitski-cvit-povodom-dana-zena-2019\/#breadcrumb"},"inLanguage":"en-US","potentialAction":[{"@type":"ReadAction","target":["https:\/\/hulu-split.hr\/en\/natjecaj-izlozbu-animus-sklopu-manifestacije-splitski-cvit-povodom-dana-zena-2019\/"]}]},{"@type":"ImageObject","inLanguage":"en-US","@id":"https:\/\/hulu-split.hr\/en\/natjecaj-izlozbu-animus-sklopu-manifestacije-splitski-cvit-povodom-dana-zena-2019\/#primaryimage","url":"https:\/\/hulu-split.hr\/wp-content\/uploads\/2019\/01\/\u017eene-fotke.jpg","contentUrl":"https:\/\/hulu-split.hr\/wp-content\/uploads\/2019\/01\/\u017eene-fotke.jpg","width":800,"height":600},{"@type":"BreadcrumbList","@id":"https:\/\/hulu-split.hr\/en\/natjecaj-izlozbu-animus-sklopu-manifestacije-splitski-cvit-povodom-dana-zena-2019\/#breadcrumb","itemListElement":[{"@type":"ListItem","position":1,"name":"Po\u010detna stranica","item":"https:\/\/hulu-split.hr\/"},{"@type":"ListItem","position":2,"name":"NATJE\u010cAJ ZA IZLO\u017dBU \u201eANIMUS\u201c U SKLOPU MANIFESTACIJE \u201eSPLITSKI CVIT\u201c POVODOM DANA \u017dENA 2019."}]},{"@type":"WebSite","@id":"https:\/\/hulu-split.hr\/#website","url":"https:\/\/hulu-split.hr\/","name":"CROATIAN ASSOCIATION OF FINE ARTISTS","description":"CROATIAN ASSOCIATION OF VISUAL ARTISTS","potentialAction":[{"@type":"SearchAction","target":{"@type":"EntryPoint","urlTemplate":"https:\/\/hulu-split.hr\/?s={search_term_string}"},"query-input":{"@type":"PropertyValueSpecification","valueRequired":true,"valueName":"search_term_string"}}],"inLanguage":"en-US"},{"@type":"Person","@id":"https:\/\/hulu-split.hr\/#\/schema\/person\/18152d8777eab0461d474ddd86dc40d4","name":"Hulu","image":{"@type":"ImageObject","inLanguage":"en-US","@id":"https:\/\/hulu-split.hr\/#\/schema\/person\/image\/","url":"https:\/\/secure.gravatar.com\/avatar\/bfde98f1900641db5139ec46e95eabab0e7ef470add11db9dbe2089a96ca74fb?s=96&d=mm&r=g","contentUrl":"https:\/\/secure.gravatar.com\/avatar\/bfde98f1900641db5139ec46e95eabab0e7ef470add11db9dbe2089a96ca74fb?s=96&d=mm&r=g","caption":"hulu"},"url":"https:\/\/hulu-split.hr\/en\/author\/hulu\/"}]}},"_links":{"self":[{"href":"https:\/\/hulu-split.hr\/en\/wp-json\/wp\/v2\/posts\/13828","targetHints":{"allow":["GET"]}}],"collection":[{"href":"https:\/\/hulu-split.hr\/en\/wp-json\/wp\/v2\/posts"}],"about":[{"href":"https:\/\/hulu-split.hr\/en\/wp-json\/wp\/v2\/types\/post"}],"author":[{"embeddable":true,"href":"https:\/\/hulu-split.hr\/en\/wp-json\/wp\/v2\/users\/385"}],"replies":[{"embeddable":true,"href":"https:\/\/hulu-split.hr\/en\/wp-json\/wp\/v2\/comments?post=13828"}],"version-history":[{"count":1,"href":"https:\/\/hulu-split.hr\/en\/wp-json\/wp\/v2\/posts\/13828\/revisions"}],"predecessor-version":[{"id":13830,"href":"https:\/\/hulu-split.hr\/en\/wp-json\/wp\/v2\/posts\/13828\/revisions\/13830"}],"wp:featuredmedia":[{"embeddable":true,"href":"https:\/\/hulu-split.hr\/en\/wp-json\/wp\/v2\/media\/13829"}],"wp:attachment":[{"href":"https:\/\/hulu-split.hr\/en\/wp-json\/wp\/v2\/media?parent=13828"}],"wp:term":[{"taxonomy":"category","embeddable":true,"href":"https:\/\/hulu-split.hr\/en\/wp-json\/wp\/v2\/categories?post=13828"},{"taxonomy":"post_tag","embeddable":true,"href":"https:\/\/hulu-split.hr\/en\/wp-json\/wp\/v2\/tags?post=13828"}],"curies":[{"name":"wp","href":"https:\/\/api.w.org\/{rel}","templated":true}]}}